{"id":6038,"date":"2026-04-28T22:05:00","date_gmt":"2026-04-28T22:05:00","guid":{"rendered":"https:\/\/nazaret.org\/?p=6038"},"modified":"2026-04-28T22:05:00","modified_gmt":"2026-04-28T22:05:00","slug":"el-eco-del-papa-leon-xiv-en-africa-una-visita-historica-que-despierta-esperanza-en-camerun","status":"publish","type":"post","link":"https:\/\/nazaret.org\/en\/el-eco-del-papa-leon-xiv-en-africa-una-visita-historica-que-despierta-esperanza-en-camerun\/","title":{"rendered":"The echo of Pope Leo XIV in Africa: a historic visit that awakens hope in Cameroon"},"content":{"rendered":"<p><span style=\"font-weight: 400;\">The visit of Pope Leo XIV to Cameroon, from April 15 to 18, 2026, has left a profound mark on the heart of Africa. More than a one-off event, his presence has become a true <\/span><b>message of peace, unity and social transformation<\/b><span style=\"font-weight: 400;\">, capable of mobilizing an entire nation.<\/span><\/p>\n<p><span style=\"font-weight: 400;\">From Yaound\u00e9 to Bamenda, the Holy Father&#039;s visit has been experienced as a &quot;time of grace,&quot; an urgent call to rebuild society based on solidarity, love, and commitment to the common good.<\/span><\/p>\n<div id='gallery-1' class='gallery galleryid-6038 gallery-columns-2 gallery-size-full'><figure class='gallery-item'>\n\t\t\t<div class='gallery-icon landscape'>\n\t\t\t\t<a href='https:\/\/nazaret.org\/en\/el-eco-del-papa-leon-xiv-en-africa-una-visita-historica-que-despierta-esperanza-en-camerun\/visita-papa-africa\/'><img fetchpriority=\"high\" decoding=\"async\" width=\"940\" height=\"788\" src=\"https:\/\/nazaret.org\/wp-content\/uploads\/2026\/04\/visita-papa-africa.png\" class=\"attachment-full size-full\" alt=\"\" srcset=\"https:\/\/nazaret.org\/wp-content\/uploads\/2026\/04\/visita-papa-africa.png 940w, https:\/\/nazaret.org\/wp-content\/uploads\/2026\/04\/visita-papa-africa-300x251.png 300w, https:\/\/nazaret.org\/wp-content\/uploads\/2026\/04\/visita-papa-africa-768x644.png 768w, https:\/\/nazaret.org\/wp-content\/uploads\/2026\/04\/visita-papa-africa-14x12.png 14w\" sizes=\"(max-width: 940px) 100vw, 940px\" \/><\/a>\n\t\t\t<\/div><\/figure><figure class='gallery-item'>\n\t\t\t<div class='gallery-icon landscape'>\n\t\t\t\t<a href='https:\/\/nazaret.org\/en\/el-eco-del-papa-leon-xiv-en-africa-una-visita-historica-que-despierta-esperanza-en-camerun\/nazaret\/'><img decoding=\"async\" width=\"940\" height=\"788\" src=\"https:\/\/nazaret.org\/wp-content\/uploads\/2026\/04\/nazaret.png\" class=\"attachment-full size-full\" alt=\"\" srcset=\"https:\/\/nazaret.org\/wp-content\/uploads\/2026\/04\/nazaret.png 940w, https:\/\/nazaret.org\/wp-content\/uploads\/2026\/04\/nazaret-300x251.png 300w, https:\/\/nazaret.org\/wp-content\/uploads\/2026\/04\/nazaret-768x644.png 768w, https:\/\/nazaret.org\/wp-content\/uploads\/2026\/04\/nazaret-14x12.png 14w\" sizes=\"(max-width: 940px) 100vw, 940px\" \/><\/a>\n\t\t\t<\/div><\/figure>\n\t\t<\/div>\n\n<p><span style=\"font-weight: 400;\">In a context marked by conflict, poverty, and social tensions, his message has been clear: <\/span><b>Peace is not an abstract idea, but a concrete responsibility that must be rooted in everyday life.<\/b><span style=\"font-weight: 400;\">.<\/span><\/p>\n<p><span style=\"font-weight: 400;\">One of the most impactful moments was the celebration at Air Force Base 101, where thousands of people\u2014Catholics, Muslims, and believers from various traditions\u2014came together in a shared faith experience.<\/span><\/p>\n<p><span style=\"font-weight: 400;\">The Pope&#039;s visit achieved something unusual: <\/span><b>to unite an entire nation around hope<\/b><span style=\"font-weight: 400;\">, creating an atmosphere of reconciliation and openness to dialogue.<\/span><\/p>\n<p><span style=\"font-weight: 400;\">Especially moving was his presence in Bamenda, a region marked by violence, where he brought comfort to those who suffer the most and invited everyone to continue working for peace \u201cwith courage and together\u201d.<\/span><\/p>\n<h3><b>A call to young people and the educational mission<\/b><\/h3>\n<p><span style=\"font-weight: 400;\">Pope Leo XIV also addressed a key message to young people, encouraging them to embrace the future responsibly, committing to a <\/span><b>comprehensive training that combines knowledge, ethics, and social commitment<\/b><span style=\"font-weight: 400;\">.<\/span><\/p>\n<p><img decoding=\"async\" class=\"aligncenter wp-image-6039 size-full\" src=\"https:\/\/nazaret.org\/wp-content\/uploads\/2026\/04\/familia-nazaret.png\" alt=\"\" width=\"940\" height=\"788\" srcset=\"https:\/\/nazaret.org\/wp-content\/uploads\/2026\/04\/familia-nazaret.png 940w, https:\/\/nazaret.org\/wp-content\/uploads\/2026\/04\/familia-nazaret-300x251.png 300w, https:\/\/nazaret.org\/wp-content\/uploads\/2026\/04\/familia-nazaret-768x644.png 768w, https:\/\/nazaret.org\/wp-content\/uploads\/2026\/04\/familia-nazaret-14x12.png 14w\" sizes=\"(max-width: 940px) 100vw, 940px\" \/><\/p>\n<p><span style=\"font-weight: 400;\">In his speech at the Catholic University of Central Africa, he left three fundamental keys for education:<\/span><\/p>\n<ol>\n<li><b> To form consciences with truth<\/b><\/li>\n<\/ol>\n<p><span style=\"font-weight: 400;\">A just society is born from people with a right conscience, capable of discerning and acting for the common good.<\/span><\/p>\n<ol start=\"2\">\n<li><b> Betting on humanism in the digital age<\/b><\/li>\n<\/ol>\n<p><span style=\"font-weight: 400;\">In the face of the advance of artificial intelligence, it is urgent to educate in critical thinking, real encounters, and the care of life.<\/span><\/p>\n<ol start=\"3\">\n<li><b> Being consistent educators<\/b><\/li>\n<\/ol>\n<p><span style=\"font-weight: 400;\">Beyond teaching, the educator is called to be a witness of life, integrity, and commitment.<\/span><\/p>\n<p><span style=\"font-weight: 400;\">After the visit, the challenge is clear: <\/span><b>not to dwell on the emotion, but to transform what was experienced into a concrete commitment.<\/b><span style=\"font-weight: 400;\">.<\/span><\/p>\n<p><span style=\"font-weight: 400;\">As those who participated expressed, now the real journey begins: to put the Pope&#039;s words into practice, building peace in everyday life and being agents of change in society.<\/span><\/p>\n<p>&nbsp;<\/p>","protected":false},"excerpt":{"rendered":"<p>La visita del Papa Le\u00f3n XIV a Camer\u00fan, del 15 al 18 de abril de 2026, ha dejado una huella profunda en el coraz\u00f3n de \u00c1frica. M\u00e1s que un acontecimiento puntual, su presencia se ha convertido en un verdadero mensaje de paz, unidad y transformaci\u00f3n social, capaz de movilizar a toda una naci\u00f3n. Desde Yaound\u00e9 [&hellip;]<\/p>\n","protected":false},"author":8,"featured_media":6042,"comment_status":"open","ping_status":"closed","sticky":false,"template":"","format":"standard","meta":{"footnotes":""},"categories":[27],"tags":[],"class_list":["post-6038","post","type-post","status-publish","format-standard","has-post-thumbnail","hentry","category-noticia-destacada"],"_links":{"self":[{"href":"https:\/\/nazaret.org\/en\/wp-json\/wp\/v2\/posts\/6038","targetHints":{"allow":["GET"]}}],"collection":[{"href":"https:\/\/nazaret.org\/en\/wp-json\/wp\/v2\/posts"}],"about":[{"href":"https:\/\/nazaret.org\/en\/wp-json\/wp\/v2\/types\/post"}],"author":[{"embeddable":true,"href":"https:\/\/nazaret.org\/en\/wp-json\/wp\/v2\/users\/8"}],"replies":[{"embeddable":true,"href":"https:\/\/nazaret.org\/en\/wp-json\/wp\/v2\/comments?post=6038"}],"version-history":[{"count":1,"href":"https:\/\/nazaret.org\/en\/wp-json\/wp\/v2\/posts\/6038\/revisions"}],"predecessor-version":[{"id":6044,"href":"https:\/\/nazaret.org\/en\/wp-json\/wp\/v2\/posts\/6038\/revisions\/6044"}],"wp:featuredmedia":[{"embeddable":true,"href":"https:\/\/nazaret.org\/en\/wp-json\/wp\/v2\/media\/6042"}],"wp:attachment":[{"href":"https:\/\/nazaret.org\/en\/wp-json\/wp\/v2\/media?parent=6038"}],"wp:term":[{"taxonomy":"category","embeddable":true,"href":"https:\/\/nazaret.org\/en\/wp-json\/wp\/v2\/categories?post=6038"},{"taxonomy":"post_tag","embeddable":true,"href":"https:\/\/nazaret.org\/en\/wp-json\/wp\/v2\/tags?post=6038"}],"curies":[{"name":"wp","href":"https:\/\/api.w.org\/{rel}","templated":true}]}}