{"id":5764,"date":"2024-06-21T12:39:11","date_gmt":"2024-06-21T12:39:11","guid":{"rendered":"https:\/\/nazaret.org\/?p=5764"},"modified":"2024-06-21T12:41:58","modified_gmt":"2024-06-21T12:41:58","slug":"celebracion-de-150-anos-de-misioneras-hijas-de-la-sagrada-familia-en-la-basilica-de-la-sagrada-familia-barcelona","status":"publish","type":"post","link":"https:\/\/nazaret.org\/en\/celebracion-de-150-anos-de-misioneras-hijas-de-la-sagrada-familia-en-la-basilica-de-la-sagrada-familia-barcelona\/","title":{"rendered":"Celebration of 150 years of Missionary Daughters of the Holy Family in the Basilica of the Sagrada Familia (Barcelona)"},"content":{"rendered":"<div data-elementor-type=\"wp-post\" data-elementor-id=\"5764\" class=\"elementor elementor-5764\" data-elementor-post-type=\"post\">\n\t\t\t\t\t\t<section class=\"elementor-section elementor-top-section elementor-element elementor-element-ded8c91 elementor-section-boxed elementor-section-height-default elementor-section-height-default\" data-id=\"ded8c91\" data-element_type=\"section\" data-e-type=\"section\">\n\t\t\t\t\t\t<div class=\"elementor-container elementor-column-gap-default\">\n\t\t\t\t\t<div class=\"elementor-column elementor-col-100 elementor-top-column elementor-element elementor-element-472ea3c\" data-id=\"472ea3c\" data-element_type=\"column\" data-e-type=\"column\">\n\t\t\t<div class=\"elementor-widget-wrap elementor-element-populated\">\n\t\t\t\t\t\t<div class=\"elementor-element elementor-element-bba4c84 elementor-widget elementor-widget-text-editor\" data-id=\"bba4c84\" data-element_type=\"widget\" data-e-type=\"widget\" data-widget_type=\"text-editor.default\">\n\t\t\t\t<div class=\"elementor-widget-container\">\n\t\t\t\t\t\t\t\t\t<p>On June 15, 2024, the Basilica of the Sagrada Familia hosted the mass of thanksgiving that was attended by the nuns, as well as families, teachers, students and alumni of the schools of the Daughters of the Holy Family of Nazareth.<\/p><p>The mass, which was followed by streaming throughout the world where the congregation is present, was presided over by the archbishop of Barcelona, Card. Juan Jos\u00e9 Omella.<\/p><p><a href=\"https:\/\/esglesia.barcelona\/es\/actualitat\/misioneras-de-la-sagrada-familia-de-nazaret-celebran-los-150-aniversario-de-su-fundacion\/\">Pope Francis sends a message encouraging the nuns of Nazareth to continue being &quot;faithful to the legacy of Sant Josep Manyanet.<\/a><\/p><p>h<a href=\"https:\/\/sagradafamilia.org\/directes\">ttps:\/\/sagradafamilia.org\/directes<\/a><\/p><p>\u00a0<\/p>\t\t\t\t\t\t\t\t<\/div>\n\t\t\t\t<\/div>\n\t\t\t\t\t<\/div>\n\t\t<\/div>\n\t\t\t\t\t<\/div>\n\t\t<\/section>\n\t\t\t\t<\/div>","protected":false},"excerpt":{"rendered":"<p>El 15 de junio 2024, la bas\u00edlica de la Sagrada Familia acogi\u00f3 la misa de acci\u00f3n de gracias que cont\u00f3 con la presencia de las religiosas, as\u00ed como de las familias, profesores, alumnos y exalumnos de los colegios de las Hijas de la Sagrada Familia de Nazaret. La misa, que se sigui\u00f3 por streaming en [&hellip;]<\/p>\n","protected":false},"author":3,"featured_media":5765,"comment_status":"closed","ping_status":"closed","sticky":false,"template":"","format":"standard","meta":{"footnotes":""},"categories":[59,4],"tags":[],"class_list":["post-5764","post","type-post","status-publish","format-standard","has-post-thumbnail","hentry","category-150-anos","category-noticias"],"_links":{"self":[{"href":"https:\/\/nazaret.org\/en\/wp-json\/wp\/v2\/posts\/5764","targetHints":{"allow":["GET"]}}],"collection":[{"href":"https:\/\/nazaret.org\/en\/wp-json\/wp\/v2\/posts"}],"about":[{"href":"https:\/\/nazaret.org\/en\/wp-json\/wp\/v2\/types\/post"}],"author":[{"embeddable":true,"href":"https:\/\/nazaret.org\/en\/wp-json\/wp\/v2\/users\/3"}],"replies":[{"embeddable":true,"href":"https:\/\/nazaret.org\/en\/wp-json\/wp\/v2\/comments?post=5764"}],"version-history":[{"count":0,"href":"https:\/\/nazaret.org\/en\/wp-json\/wp\/v2\/posts\/5764\/revisions"}],"wp:featuredmedia":[{"embeddable":true,"href":"https:\/\/nazaret.org\/en\/wp-json\/wp\/v2\/media\/5765"}],"wp:attachment":[{"href":"https:\/\/nazaret.org\/en\/wp-json\/wp\/v2\/media?parent=5764"}],"wp:term":[{"taxonomy":"category","embeddable":true,"href":"https:\/\/nazaret.org\/en\/wp-json\/wp\/v2\/categories?post=5764"},{"taxonomy":"post_tag","embeddable":true,"href":"https:\/\/nazaret.org\/en\/wp-json\/wp\/v2\/tags?post=5764"}],"curies":[{"name":"wp","href":"https:\/\/api.w.org\/{rel}","templated":true}]}}