{"id":4581,"date":"2023-06-30T07:50:25","date_gmt":"2023-06-30T07:50:25","guid":{"rendered":"https:\/\/nazaret.org\/?p=4581"},"modified":"2023-07-21T02:58:26","modified_gmt":"2023-07-21T02:58:26","slug":"visita-a-la-curia-general","status":"publish","type":"post","link":"https:\/\/nazaret.org\/en\/visita-a-la-curia-general\/","title":{"rendered":"Visit to the General Curia"},"content":{"rendered":"<div data-elementor-type=\"wp-post\" data-elementor-id=\"4581\" class=\"elementor elementor-4581\" data-elementor-post-type=\"post\">\n\t\t\t\t\t\t<section class=\"elementor-section elementor-top-section elementor-element elementor-element-3583366 elementor-section-boxed elementor-section-height-default elementor-section-height-default\" data-id=\"3583366\" data-element_type=\"section\" data-e-type=\"section\">\n\t\t\t\t\t\t<div class=\"elementor-container elementor-column-gap-default\">\n\t\t\t\t\t<div class=\"elementor-column elementor-col-100 elementor-top-column elementor-element elementor-element-2997bc0\" data-id=\"2997bc0\" data-element_type=\"column\" data-e-type=\"column\">\n\t\t\t<div class=\"elementor-widget-wrap elementor-element-populated\">\n\t\t\t\t\t\t<div class=\"elementor-element elementor-element-3e9ddb5 elementor-widget elementor-widget-text-editor\" data-id=\"3e9ddb5\" data-element_type=\"widget\" data-e-type=\"widget\" data-widget_type=\"text-editor.default\">\n\t\t\t\t<div class=\"elementor-widget-container\">\n\t\t\t\t\t\t\t\t\t<p>We begin our \u201cvirtual pilgrimage\u201d by visiting the community of the <strong>General Curia. <\/strong><\/p><p>During this year of preparation for the 150th anniversary of the foundation of the Congregation, we will visit each of our communities. Each video, viewed as a community, will take us to a different Nazareth presence each week, giving us the opportunity to learn more about its history and its mission.<\/p><p>Through this pilgrimage, we will be able to celebrate the diversity and unity of our congregation together, feeling connected despite the physical distance that separates us.<\/p>\t\t\t\t\t\t\t\t<\/div>\n\t\t\t\t<\/div>\n\t\t\t\t\t<\/div>\n\t\t<\/div>\n\t\t\t\t\t<\/div>\n\t\t<\/section>\n\t\t\t\t<section class=\"elementor-section elementor-top-section elementor-element elementor-element-4f35084 elementor-section-boxed elementor-section-height-default elementor-section-height-default\" data-id=\"4f35084\" data-element_type=\"section\" data-e-type=\"section\">\n\t\t\t\t\t\t<div class=\"elementor-container elementor-column-gap-default\">\n\t\t\t\t\t<div class=\"elementor-column elementor-col-100 elementor-top-column elementor-element elementor-element-16aaaa1\" data-id=\"16aaaa1\" data-element_type=\"column\" data-e-type=\"column\">\n\t\t\t<div class=\"elementor-widget-wrap elementor-element-populated\">\n\t\t\t\t\t\t<div class=\"elementor-element elementor-element-9111134 elementor-widget elementor-widget-video\" data-id=\"9111134\" data-element_type=\"widget\" data-e-type=\"widget\" data-settings=\"{&quot;youtube_url&quot;:&quot;https:\\\/\\\/youtu.be\\\/6PsHoHsi2_c&quot;,&quot;video_type&quot;:&quot;youtube&quot;,&quot;controls&quot;:&quot;yes&quot;}\" data-widget_type=\"video.default\">\n\t\t\t\t<div class=\"elementor-widget-container\">\n\t\t\t\t\t\t\t<div class=\"elementor-wrapper elementor-open-inline\">\n\t\t\t<div class=\"elementor-video\"><\/div>\t\t<\/div>\n\t\t\t\t\t\t<\/div>\n\t\t\t\t<\/div>\n\t\t\t\t\t<\/div>\n\t\t<\/div>\n\t\t\t\t\t<\/div>\n\t\t<\/section>\n\t\t\t\t<\/div>","protected":false},"excerpt":{"rendered":"<p>Comenzamos nuestra \u00abperegrinaci\u00f3n virtual\u201d visitando la comunidad de la Curia General. Durante este a\u00f1o de preparaci\u00f3n para los 150 a\u00f1os de fundaci\u00f3n de la Congregaci\u00f3n iremos visitando cada una de nuestras comunidades. Cada video, visionado en comunidad, nos llevar\u00e1 a una presencia de Nazaret diferente cada semana, brind\u00e1ndonos la oportunidad de conocer m\u00e1s sobre su [&hellip;]<\/p>\n","protected":false},"author":3,"featured_media":4583,"comment_status":"closed","ping_status":"closed","sticky":false,"template":"","format":"standard","meta":{"footnotes":""},"categories":[59,4],"tags":[],"class_list":["post-4581","post","type-post","status-publish","format-standard","has-post-thumbnail","hentry","category-150-anos","category-noticias"],"_links":{"self":[{"href":"https:\/\/nazaret.org\/en\/wp-json\/wp\/v2\/posts\/4581","targetHints":{"allow":["GET"]}}],"collection":[{"href":"https:\/\/nazaret.org\/en\/wp-json\/wp\/v2\/posts"}],"about":[{"href":"https:\/\/nazaret.org\/en\/wp-json\/wp\/v2\/types\/post"}],"author":[{"embeddable":true,"href":"https:\/\/nazaret.org\/en\/wp-json\/wp\/v2\/users\/3"}],"replies":[{"embeddable":true,"href":"https:\/\/nazaret.org\/en\/wp-json\/wp\/v2\/comments?post=4581"}],"version-history":[{"count":0,"href":"https:\/\/nazaret.org\/en\/wp-json\/wp\/v2\/posts\/4581\/revisions"}],"wp:featuredmedia":[{"embeddable":true,"href":"https:\/\/nazaret.org\/en\/wp-json\/wp\/v2\/media\/4583"}],"wp:attachment":[{"href":"https:\/\/nazaret.org\/en\/wp-json\/wp\/v2\/media?parent=4581"}],"wp:term":[{"taxonomy":"category","embeddable":true,"href":"https:\/\/nazaret.org\/en\/wp-json\/wp\/v2\/categories?post=4581"},{"taxonomy":"post_tag","embeddable":true,"href":"https:\/\/nazaret.org\/en\/wp-json\/wp\/v2\/tags?post=4581"}],"curies":[{"name":"wp","href":"https:\/\/api.w.org\/{rel}","templated":true}]}}