{"id":2047,"date":"2020-06-27T13:06:36","date_gmt":"2020-06-27T13:06:36","guid":{"rendered":"https:\/\/nazaret.org\/?p=2047"},"modified":"2020-06-28T08:09:54","modified_gmt":"2020-06-28T08:09:54","slug":"celebramos-146-anos-de-fundacion-de-la-congregacion-felicidades","status":"publish","type":"post","link":"https:\/\/nazaret.org\/en\/celebramos-146-anos-de-fundacion-de-la-congregacion-felicidades\/","title":{"rendered":"We celebrate 146 years of the founding of the Congregation. Congratulations!"},"content":{"rendered":"<p>June 28 is always a special feast day in the Congregation, it is an anniversary feast. Today is a day to congratulate ourselves on the celebration of 146 years of life of our charism, 146 years of God&#039;s abundant grace, 146 years of God&#039;s fidelity to the Alliance made with our founders and kept alive and generously increased day by day.<\/p>\n\n\n\n<p>It's a congratulatory feast and it's a day of gratitude. Immense thanks to God who from the beginning led Nazareth by the hand and today accompanies her on all five continents.<\/p>","protected":false},"excerpt":{"rendered":"<p>28 de junio siempre es d\u00eda de fiesta especial en la Congregaci\u00f3n, es fiesta de aniversario. Hoy es d\u00eda de felicitarnos por la celebraci\u00f3n de 146 a\u00f1os de vida de nuestro carisma, 146 a\u00f1os de gracia abundante de Dios, 146 a\u00f1os de fidelidad de Dios a la Alianza hecha con nuestros fundadores y mantenida viva&nbsp; [&hellip;]<\/p>\n","protected":false},"author":3,"featured_media":2048,"comment_status":"closed","ping_status":"closed","sticky":false,"template":"","format":"standard","meta":{"footnotes":""},"categories":[27],"tags":[],"class_list":["post-2047","post","type-post","status-publish","format-standard","has-post-thumbnail","hentry","category-noticia-destacada"],"_links":{"self":[{"href":"https:\/\/nazaret.org\/en\/wp-json\/wp\/v2\/posts\/2047","targetHints":{"allow":["GET"]}}],"collection":[{"href":"https:\/\/nazaret.org\/en\/wp-json\/wp\/v2\/posts"}],"about":[{"href":"https:\/\/nazaret.org\/en\/wp-json\/wp\/v2\/types\/post"}],"author":[{"embeddable":true,"href":"https:\/\/nazaret.org\/en\/wp-json\/wp\/v2\/users\/3"}],"replies":[{"embeddable":true,"href":"https:\/\/nazaret.org\/en\/wp-json\/wp\/v2\/comments?post=2047"}],"version-history":[{"count":0,"href":"https:\/\/nazaret.org\/en\/wp-json\/wp\/v2\/posts\/2047\/revisions"}],"wp:featuredmedia":[{"embeddable":true,"href":"https:\/\/nazaret.org\/en\/wp-json\/wp\/v2\/media\/2048"}],"wp:attachment":[{"href":"https:\/\/nazaret.org\/en\/wp-json\/wp\/v2\/media?parent=2047"}],"wp:term":[{"taxonomy":"category","embeddable":true,"href":"https:\/\/nazaret.org\/en\/wp-json\/wp\/v2\/categories?post=2047"},{"taxonomy":"post_tag","embeddable":true,"href":"https:\/\/nazaret.org\/en\/wp-json\/wp\/v2\/tags?post=2047"}],"curies":[{"name":"wp","href":"https:\/\/api.w.org\/{rel}","templated":true}]}}